{"id":84822,"date":"2024-10-22T11:41:38","date_gmt":"2024-10-22T09:41:38","guid":{"rendered":"https:\/\/www.visitsicily.info\/?p=84822"},"modified":"2025-10-23T12:05:53","modified_gmt":"2025-10-23T10:05:53","slug":"agrigento-capital-italiana-de-la-cultura-2025","status":"publish","type":"post","link":"https:\/\/www.visitsicily.info\/es\/agrigento-capital-italiana-de-la-cultura-2025\/","title":{"rendered":"Agrigento, Capital Italiana de la Cultura 2025"},"content":{"rendered":"<div class=\"fusion-fullwidth fullwidth-box fusion-builder-row-1 fusion-flex-container has-pattern-background has-mask-background nonhundred-percent-fullwidth non-hundred-percent-height-scrolling\" style=\"--awb-border-radius-top-left:0px;--awb-border-radius-top-right:0px;--awb-border-radius-bottom-right:0px;--awb-border-radius-bottom-left:0px;--awb-flex-wrap:wrap;\" ><div class=\"fusion-builder-row fusion-row fusion-flex-align-items-flex-start fusion-flex-content-wrap\" style=\"max-width:1248px;margin-left: calc(-4% \/ 2 );margin-right: calc(-4% \/ 2 );\"><div class=\"fusion-layout-column fusion_builder_column fusion-builder-column-0 fusion_builder_column_1_1 1_1 fusion-flex-column\" style=\"--awb-bg-size:cover;--awb-width-large:100%;--awb-margin-top-large:0px;--awb-spacing-right-large:1.92%;--awb-margin-bottom-large:20px;--awb-spacing-left-large:1.92%;--awb-width-medium:100%;--awb-order-medium:0;--awb-spacing-right-medium:1.92%;--awb-spacing-left-medium:1.92%;--awb-width-small:100%;--awb-order-small:0;--awb-spacing-right-small:1.92%;--awb-spacing-left-small:1.92%;\"><div class=\"fusion-column-wrapper fusion-column-has-shadow fusion-flex-justify-content-flex-start fusion-content-layout-column\"><div class=\"fusion-text fusion-text-1\"><h2>Valle de los Templos (Patrimonio Mundial de la UNESCO)<\/h2>\n<p>El <a href=\"https:\/\/www.visitsicily.info\/es\/attrazione\/valle-de-los-templos-de-agrigento\/\">Parque Arqueol\u00f3gico del Valle de los Templos<\/a> es el sitio de la UNESCO que atestigua la grandeza de la antigua Akragas, una de las ciudades m\u00e1s importantes de la Magna Grecia en el Mediterr\u00e1neo. La experiencia de visitar el <strong>Valle de los Templos<\/strong> es envolvente y abarca algunos de los templos cl\u00e1sicos mejor conservados del sur de Italia (<em>Dioscuros, Zeus Ol\u00edmpico, Concordia, Heracles, Esculapio, Ter\u00f3n, Vulcano<\/em> y <em>Juno<\/em>) y el <em>Museo Arqueol\u00f3gico Regional<\/em>.<\/p>\n<h2>Teatro y Casa Pirandello<\/h2>\n<p>Ilustre hijo de Girgenti, el gran dramaturgo <strong>Luigi Pirandello<\/strong> dej\u00f3 huellas vivas de s\u00ed mismo en la casa donde naci\u00f3 en el campo, en el distrito de Caos. Su esp\u00edritu a\u00fan flota entre las habitaciones y los papeles, las colecciones fotogr\u00e1ficas y los recuerdos de una vida marcada por obras maestras representadas en todo el mundo y un <em>Premio Nobel de Literatura<\/em> (1934) . La visita a la <strong>Casa-Museo-Biblioteca \u00abLuigi Pirandello \u00bb<\/strong> se combina con una visita al <strong><a href=\"https:\/\/www.visitsicily.info\/es\/attrazione\/teatro-pirandello-agrigento\/\">Teatro<\/a><\/strong> dedicado a \u00e9l, un edificio del siglo XIX dise\u00f1ado por Dionisio Sciascia y Giovan Battista Filippo Basile. \u00bfLa joya del interior? El tel\u00f3n del pintor de Mesina Luigi Queriau, que representa al atleta victorioso Esseneto en Elea.<\/p>\n<h2>Catedral de San Gerlando y centro hist\u00f3rico<\/h2>\n<p>Un paseo por el centro hist\u00f3rico de Agrigento revela de inmediato sus monumentos emblem\u00e1ticos. Sobre todo, la antigua <a href=\"https:\/\/www.visitsicily.info\/es\/catedral-de-agrigento\/\"><strong>Catedral de San Gerlando<\/strong><\/a>, fundada a finales del siglo XI por el obispo al que est\u00e1 dedicada. Entramos en ella por una amplia escalinata, observando el caracter\u00edstico campanario inacabado. En su interior se encuentra la peque\u00f1a capilla de San Gerlando, que alberga las reliquias, y otros monumentos sepulcrales. No hay que perderse el <strong>Tesoro de la Catedral<\/strong>, que entre las obras alberga el famoso <em>Sarc\u00f3fago de Fedra<\/em>, obra descrita por los viajeros del Grand Tour.<\/p>\n<h2>Playas de Agrigento<\/h2>\n<p>Los amantes del mar encontrar\u00e1n en Agrigento playas kilom\u00e9tricas que alternan establecimientos balnearios equipados con todas las comodidades con tramos de costa desierta y virgen: desde <strong>Marina di Licata<\/strong> a <strong>Punta Bianca<\/strong>, hasta la m\u00e1s de moda <strong>San Leone<\/strong>, animado centro de la vida nocturna estival. \u00bfBusca una playa para ni\u00f1os? <strong>Porto Palo<\/strong>, en Menfi, ostenta la Bandera Verde que es garant\u00eda de seguridad, servicios y diversi\u00f3n para toda la familia.<\/p>\n<h2>Scala dei Turchi en Realmonte<\/h2>\n<p>Escenario cinematogr\u00e1fico al aire libre (aqu\u00ed se rodaron pel\u00edculas como <em>Mal\u00e8na<\/em>, de Giuseppe Tornatore, e <em>In guerra per amore<\/em>, de Pif), la m\u00e1s emblem\u00e1tica de las \u00abescaleras\u00bb sicilianas es la <a href=\"https:\/\/www.visitsicily.info\/es\/scala-dei-turchi-2\/\">Scala dei Turchi<\/a>, un aut\u00e9ntico monumento natural. Un acantilado de marga blanca, a lo largo del cual los agentes atmosf\u00e9ricos han esculpido una escalera digna de un \u00abarchistar\u00bb. \u00bf El porqu\u00e9 de su nombre? Al parecer, los piratas sarracenos (turcos) sol\u00edan refugiar sus naves en esta tranquila bah\u00eda.<\/p>\n<h2>Tradiciones y hospitalidad<\/h2>\n<p>Encrucijada de pueblos, Agrigento \u00abmima\u00bb a sus visitantes con tradiciones y acontecimientos mediterr\u00e1neos \u00fanicos. Entre ellos, la <strong>Sagra del Mandorlo in Fiore<\/strong> (Fiesta del Almendro en Flor), que se celebra cada a\u00f1o entre febrero y marzo, durante el periodo de floraci\u00f3n de este \u00e1rbol legendario. Una semana de fiestas y encuentros entre diferentes pueblos y culturas, que culmina con el evocador encendido del <em>\u00abTr\u00edpode de la Amistad\u00bb<\/em> frente al <strong>Templo de la Concordia<\/strong> (en el Valle de los Templos).<\/p>\n<h2>Parque Cultural de la Granja en Favara<\/h2>\n<p>En los alrededores no hay que perderse Favara y el centro hist\u00f3rico que alberga el <a href=\"https:\/\/www.visitsicily.info\/es\/farm-cultural-park-de-favara\/\">Parque Cultural de la Granja<\/a>, punto de referencia del arte contempor\u00e1neo internacional. Creaci\u00f3n de dos amantes del arte, Florinda y Andrea, la regeneraci\u00f3n art\u00edstica del barrio es ahora una de las expresiones m\u00e1s exitosas de regeneraci\u00f3n urbana a trav\u00e9s del arte callejero y formas de ciudadan\u00eda activa: las antiguas casas y patios de Favara acogen exposiciones, talleres y eventos durante todo el a\u00f1o.<\/p>\n<p><iframe title=\"YouTube video player\" src=\"https:\/\/www.youtube.com\/embed\/dgzqa554y18?si=b49dy8rNi8xLkulN\" width=\"560\" height=\"315\" frameborder=\"0\" allowfullscreen=\"allowfullscreen\"><\/iframe><\/p>\n<\/div><\/div><\/div><\/div><\/div>\n","protected":false},"excerpt":{"rendered":"","protected":false},"author":46,"featured_media":74565,"comment_status":"closed","ping_status":"closed","sticky":false,"template":"","format":"standard","meta":{"_acf_changed":false,"footnotes":""},"categories":[2002,1999,2001,2005],"tags":[],"luogo":[2944],"stagione":[2066,2064,2067,2065],"class_list":["post-84822","post","type-post","status-publish","format-standard","has-post-thumbnail","hentry","category-arte-in-sicilia-es","category-arte-e-cultura-es","category-luoghi-della-cultura-es","category-sicilia-archeologica-es","luogo-agrigento-es","stagione-invierno","stagione-otono","stagione-primavera-es","stagione-verano"],"acf":{"sottotitolo":"Un lugar donde se respira historia","titolo_paragrafo_1":"Detalle","paragrafo_1":"<p>Es un gran orgullo la consagraci\u00f3n de <a href=\"https:\/\/www.visitsicily.info\/es\/localita\/agrigento\/\">Agrigento<\/a> como \u00abCapital Italiana de la Cultura 2025\u00bb.<\/p>\n<p>Un lugar donde se respira historia, pero tambi\u00e9n un lugar de acogida, relaci\u00f3n e intercambio continuo entre individuos, donde la antig\u00fcedad y la contemporaneidad coexisten en una dimensi\u00f3n armoniosa.<\/p>\n<p>Fundada en 581 a.C., Agrigento es <strong>una de las ciudades m\u00e1s antiguas de Sicilia<\/strong>, como demuestra el Parque Arqueol\u00f3gico del Valle de los Templos (Patrimonio de la Humanidad de la UNESCO), y es tambi\u00e9n un laberinto de callejuelas t\u00edpico del urbanismo \u00e1rabe.<\/p>\n<p>El centro hist\u00f3rico est\u00e1 embellecido por la Catedral de San Gerlando con su campanario inacabado, desde cuya cima es posible admirar los tejados de <em>Girgenti<\/em>, y por los lugares literarios de <em>Pirandello<\/em> y <em>Camilleri<\/em>, que en sus respectivas obras han dado vida a las seductoras atm\u00f3sferas de una ciudad que nunca deja de sorprender.<\/p>\n<p>Vamos a descubrir los lugares y las bellezas de <strong>Agrigento, \u00abCapital Italiana de la Cultura 2025\u00bb<\/strong>.<\/p>\n","galleria":[{"ID":51447,"id":51447,"title":"agrigento-tempio-della-concordia.d","filename":"agrigento-tempio-della-concordia.d-2.jpg","filesize":410732,"url":"https:\/\/www.visitsicily.info\/wp-content\/uploads\/2022\/02\/agrigento-tempio-della-concordia.d-2.jpg","link":"https:\/\/www.visitsicily.info\/es\/itinerario\/parque-arqueologico-y-paisajistico-de-la-valle-de-los-templos\/agrigento-tempio-della-concordia-d-4-2\/","alt":"","author":"31","description":"","caption":"","name":"agrigento-tempio-della-concordia-d-4-2","status":"inherit","uploaded_to":64568,"date":"2022-03-01 11:39:43","modified":"2024-05-28 15:19:58","menu_order":0,"mime_type":"image\/jpeg","type":"image","subtype":"jpeg","icon":"https:\/\/www.visitsicily.info\/wp-includes\/images\/media\/default.png","width":2472,"height":1654,"sizes":{"thumbnail":"https:\/\/www.visitsicily.info\/wp-content\/uploads\/2022\/02\/agrigento-tempio-della-concordia.d-2-150x150.jpg","thumbnail-width":150,"thumbnail-height":150,"medium":"https:\/\/www.visitsicily.info\/wp-content\/uploads\/2022\/02\/agrigento-tempio-della-concordia.d-2-300x201.jpg","medium-width":300,"medium-height":201,"medium_large":"https:\/\/www.visitsicily.info\/wp-content\/uploads\/2022\/02\/agrigento-tempio-della-concordia.d-2-768x514.jpg","medium_large-width":768,"medium_large-height":514,"large":"https:\/\/www.visitsicily.info\/wp-content\/uploads\/2022\/02\/agrigento-tempio-della-concordia.d-2-1024x685.jpg","large-width":1024,"large-height":685,"1536x1536":"https:\/\/www.visitsicily.info\/wp-content\/uploads\/2022\/02\/agrigento-tempio-della-concordia.d-2-1536x1028.jpg","1536x1536-width":1536,"1536x1536-height":1028,"2048x2048":"https:\/\/www.visitsicily.info\/wp-content\/uploads\/2022\/02\/agrigento-tempio-della-concordia.d-2-2048x1370.jpg","2048x2048-width":2048,"2048x2048-height":1370,"blog-large":"https:\/\/www.visitsicily.info\/wp-content\/uploads\/2022\/02\/agrigento-tempio-della-concordia.d-2-669x272.jpg","blog-large-width":669,"blog-large-height":272,"blog-medium":"https:\/\/www.visitsicily.info\/wp-content\/uploads\/2022\/02\/agrigento-tempio-della-concordia.d-2-320x202.jpg","blog-medium-width":320,"blog-medium-height":202,"recent-posts":"https:\/\/www.visitsicily.info\/wp-content\/uploads\/2022\/02\/agrigento-tempio-della-concordia.d-2-700x441.jpg","recent-posts-width":700,"recent-posts-height":441,"recent-works-thumbnail":"https:\/\/www.visitsicily.info\/wp-content\/uploads\/2022\/02\/agrigento-tempio-della-concordia.d-2-66x66.jpg","recent-works-thumbnail-width":66,"recent-works-thumbnail-height":66,"fusion-200":"https:\/\/www.visitsicily.info\/wp-content\/uploads\/2022\/02\/agrigento-tempio-della-concordia.d-2-200x134.jpg","fusion-200-width":200,"fusion-200-height":134,"fusion-400":"https:\/\/www.visitsicily.info\/wp-content\/uploads\/2022\/02\/agrigento-tempio-della-concordia.d-2-400x268.jpg","fusion-400-width":400,"fusion-400-height":268,"fusion-600":"https:\/\/www.visitsicily.info\/wp-content\/uploads\/2022\/02\/agrigento-tempio-della-concordia.d-2-600x401.jpg","fusion-600-width":600,"fusion-600-height":401,"fusion-800":"https:\/\/www.visitsicily.info\/wp-content\/uploads\/2022\/02\/agrigento-tempio-della-concordia.d-2-800x535.jpg","fusion-800-width":800,"fusion-800-height":535,"fusion-1200":"https:\/\/www.visitsicily.info\/wp-content\/uploads\/2022\/02\/agrigento-tempio-della-concordia.d-2-1200x803.jpg","fusion-1200-width":1200,"fusion-1200-height":803,"portfolio-full":"https:\/\/www.visitsicily.info\/wp-content\/uploads\/2022\/02\/agrigento-tempio-della-concordia.d-2-940x400.jpg","portfolio-full-width":940,"portfolio-full-height":400,"portfolio-one":"https:\/\/www.visitsicily.info\/wp-content\/uploads\/2022\/02\/agrigento-tempio-della-concordia.d-2-540x272.jpg","portfolio-one-width":540,"portfolio-one-height":272,"portfolio-two":"https:\/\/www.visitsicily.info\/wp-content\/uploads\/2022\/02\/agrigento-tempio-della-concordia.d-2-460x295.jpg","portfolio-two-width":460,"portfolio-two-height":295,"portfolio-three":"https:\/\/www.visitsicily.info\/wp-content\/uploads\/2022\/02\/agrigento-tempio-della-concordia.d-2-300x214.jpg","portfolio-three-width":300,"portfolio-three-height":214,"portfolio-five":"https:\/\/www.visitsicily.info\/wp-content\/uploads\/2022\/02\/agrigento-tempio-della-concordia.d-2-177x142.jpg","portfolio-five-width":177,"portfolio-five-height":142}},{"ID":72412,"id":72412,"title":"CULTURA_AGRIGENTO_mandorlo_in_fiore-1","filename":"CULTURA_AGRIGENTO_mandorlo_in_fiore-1-scaled.jpg","filesize":525043,"url":"https:\/\/www.visitsicily.info\/wp-content\/uploads\/2024\/02\/CULTURA_AGRIGENTO_mandorlo_in_fiore-1-scaled.jpg","link":"https:\/\/www.visitsicily.info\/es\/evento-new\/fiesta-del-almendro-en-flor\/cultura_agrigento_mandorlo_in_fiore-1-2\/","alt":"Festa del Mandorlo in Fiore","author":"46","description":"Festa del Mandorlo in Fiore","caption":"","name":"cultura_agrigento_mandorlo_in_fiore-1-2","status":"inherit","uploaded_to":72478,"date":"2024-02-12 10:04:04","modified":"2025-02-07 07:27:31","menu_order":0,"mime_type":"image\/jpeg","type":"image","subtype":"jpeg","icon":"https:\/\/www.visitsicily.info\/wp-includes\/images\/media\/default.png","width":2560,"height":1707,"sizes":{"thumbnail":"https:\/\/www.visitsicily.info\/wp-content\/uploads\/2024\/02\/CULTURA_AGRIGENTO_mandorlo_in_fiore-1-150x150.jpg","thumbnail-width":150,"thumbnail-height":150,"medium":"https:\/\/www.visitsicily.info\/wp-content\/uploads\/2024\/02\/CULTURA_AGRIGENTO_mandorlo_in_fiore-1-300x200.jpg","medium-width":300,"medium-height":200,"medium_large":"https:\/\/www.visitsicily.info\/wp-content\/uploads\/2024\/02\/CULTURA_AGRIGENTO_mandorlo_in_fiore-1-768x512.jpg","medium_large-width":768,"medium_large-height":512,"large":"https:\/\/www.visitsicily.info\/wp-content\/uploads\/2024\/02\/CULTURA_AGRIGENTO_mandorlo_in_fiore-1-1024x683.jpg","large-width":1024,"large-height":683,"1536x1536":"https:\/\/www.visitsicily.info\/wp-content\/uploads\/2024\/02\/CULTURA_AGRIGENTO_mandorlo_in_fiore-1-1536x1024.jpg","1536x1536-width":1536,"1536x1536-height":1024,"2048x2048":"https:\/\/www.visitsicily.info\/wp-content\/uploads\/2024\/02\/CULTURA_AGRIGENTO_mandorlo_in_fiore-1-2048x1365.jpg","2048x2048-width":2048,"2048x2048-height":1365,"blog-large":"https:\/\/www.visitsicily.info\/wp-content\/uploads\/2024\/02\/CULTURA_AGRIGENTO_mandorlo_in_fiore-1-669x272.jpg","blog-large-width":669,"blog-large-height":272,"blog-medium":"https:\/\/www.visitsicily.info\/wp-content\/uploads\/2024\/02\/CULTURA_AGRIGENTO_mandorlo_in_fiore-1-320x202.jpg","blog-medium-width":320,"blog-medium-height":202,"recent-posts":"https:\/\/www.visitsicily.info\/wp-content\/uploads\/2024\/02\/CULTURA_AGRIGENTO_mandorlo_in_fiore-1-700x441.jpg","recent-posts-width":700,"recent-posts-height":441,"recent-works-thumbnail":"https:\/\/www.visitsicily.info\/wp-content\/uploads\/2024\/02\/CULTURA_AGRIGENTO_mandorlo_in_fiore-1-66x66.jpg","recent-works-thumbnail-width":66,"recent-works-thumbnail-height":66,"fusion-200":"https:\/\/www.visitsicily.info\/wp-content\/uploads\/2024\/02\/CULTURA_AGRIGENTO_mandorlo_in_fiore-1-200x133.jpg","fusion-200-width":200,"fusion-200-height":133,"fusion-400":"https:\/\/www.visitsicily.info\/wp-content\/uploads\/2024\/02\/CULTURA_AGRIGENTO_mandorlo_in_fiore-1-400x267.jpg","fusion-400-width":400,"fusion-400-height":267,"fusion-600":"https:\/\/www.visitsicily.info\/wp-content\/uploads\/2024\/02\/CULTURA_AGRIGENTO_mandorlo_in_fiore-1-600x400.jpg","fusion-600-width":600,"fusion-600-height":400,"fusion-800":"https:\/\/www.visitsicily.info\/wp-content\/uploads\/2024\/02\/CULTURA_AGRIGENTO_mandorlo_in_fiore-1-800x533.jpg","fusion-800-width":800,"fusion-800-height":533,"fusion-1200":"https:\/\/www.visitsicily.info\/wp-content\/uploads\/2024\/02\/CULTURA_AGRIGENTO_mandorlo_in_fiore-1-1200x800.jpg","fusion-1200-width":1200,"fusion-1200-height":800,"portfolio-full":"https:\/\/www.visitsicily.info\/wp-content\/uploads\/2024\/02\/CULTURA_AGRIGENTO_mandorlo_in_fiore-1-940x400.jpg","portfolio-full-width":940,"portfolio-full-height":400,"portfolio-one":"https:\/\/www.visitsicily.info\/wp-content\/uploads\/2024\/02\/CULTURA_AGRIGENTO_mandorlo_in_fiore-1-540x272.jpg","portfolio-one-width":540,"portfolio-one-height":272,"portfolio-two":"https:\/\/www.visitsicily.info\/wp-content\/uploads\/2024\/02\/CULTURA_AGRIGENTO_mandorlo_in_fiore-1-460x295.jpg","portfolio-two-width":460,"portfolio-two-height":295,"portfolio-three":"https:\/\/www.visitsicily.info\/wp-content\/uploads\/2024\/02\/CULTURA_AGRIGENTO_mandorlo_in_fiore-1-300x214.jpg","portfolio-three-width":300,"portfolio-three-height":214,"portfolio-five":"https:\/\/www.visitsicily.info\/wp-content\/uploads\/2024\/02\/CULTURA_AGRIGENTO_mandorlo_in_fiore-1-177x142.jpg","portfolio-five-width":177,"portfolio-five-height":142}},{"ID":74555,"id":74555,"title":"View,Of,The,Cathedral,Of,San,Gerlando,In,Agrigento,,Sicily,","filename":"CULTURA_AGRIGENTO_San_Gerlando-1.jpg","filesize":4024299,"url":"https:\/\/www.visitsicily.info\/wp-content\/uploads\/2024\/05\/CULTURA_AGRIGENTO_San_Gerlando-1.jpg","link":"https:\/\/www.visitsicily.info\/es\/agrigento-capital-italiana-de-la-cultura-2025\/viewofthecathedralofsangerlandoinagrigentosicily-2\/","alt":"Cattedrale di San Gerlando - Agrigento","author":"46","description":"Cattedrale di San Gerlando - Agrigento","caption":"ph. Just Maria","name":"viewofthecathedralofsangerlandoinagrigentosicily-2","status":"inherit","uploaded_to":84822,"date":"2024-05-28 15:13:51","modified":"2024-10-22 09:30:42","menu_order":0,"mime_type":"image\/jpeg","type":"image","subtype":"jpeg","icon":"https:\/\/www.visitsicily.info\/wp-includes\/images\/media\/default.png","width":2270,"height":1806,"sizes":{"thumbnail":"https:\/\/www.visitsicily.info\/wp-content\/uploads\/2024\/05\/CULTURA_AGRIGENTO_San_Gerlando-1-150x150.jpg","thumbnail-width":150,"thumbnail-height":150,"medium":"https:\/\/www.visitsicily.info\/wp-content\/uploads\/2024\/05\/CULTURA_AGRIGENTO_San_Gerlando-1-300x239.jpg","medium-width":300,"medium-height":239,"medium_large":"https:\/\/www.visitsicily.info\/wp-content\/uploads\/2024\/05\/CULTURA_AGRIGENTO_San_Gerlando-1-768x611.jpg","medium_large-width":768,"medium_large-height":611,"large":"https:\/\/www.visitsicily.info\/wp-content\/uploads\/2024\/05\/CULTURA_AGRIGENTO_San_Gerlando-1-1024x815.jpg","large-width":1024,"large-height":815,"1536x1536":"https:\/\/www.visitsicily.info\/wp-content\/uploads\/2024\/05\/CULTURA_AGRIGENTO_San_Gerlando-1-1536x1222.jpg","1536x1536-width":1536,"1536x1536-height":1222,"2048x2048":"https:\/\/www.visitsicily.info\/wp-content\/uploads\/2024\/05\/CULTURA_AGRIGENTO_San_Gerlando-1-2048x1629.jpg","2048x2048-width":2048,"2048x2048-height":1629,"blog-large":"https:\/\/www.visitsicily.info\/wp-content\/uploads\/2024\/05\/CULTURA_AGRIGENTO_San_Gerlando-1-669x272.jpg","blog-large-width":669,"blog-large-height":272,"blog-medium":"https:\/\/www.visitsicily.info\/wp-content\/uploads\/2024\/05\/CULTURA_AGRIGENTO_San_Gerlando-1-320x202.jpg","blog-medium-width":320,"blog-medium-height":202,"recent-posts":"https:\/\/www.visitsicily.info\/wp-content\/uploads\/2024\/05\/CULTURA_AGRIGENTO_San_Gerlando-1-700x441.jpg","recent-posts-width":700,"recent-posts-height":441,"recent-works-thumbnail":"https:\/\/www.visitsicily.info\/wp-content\/uploads\/2024\/05\/CULTURA_AGRIGENTO_San_Gerlando-1-66x66.jpg","recent-works-thumbnail-width":66,"recent-works-thumbnail-height":66,"fusion-200":"https:\/\/www.visitsicily.info\/wp-content\/uploads\/2024\/05\/CULTURA_AGRIGENTO_San_Gerlando-1-200x159.jpg","fusion-200-width":200,"fusion-200-height":159,"fusion-400":"https:\/\/www.visitsicily.info\/wp-content\/uploads\/2024\/05\/CULTURA_AGRIGENTO_San_Gerlando-1-400x318.jpg","fusion-400-width":400,"fusion-400-height":318,"fusion-600":"https:\/\/www.visitsicily.info\/wp-content\/uploads\/2024\/05\/CULTURA_AGRIGENTO_San_Gerlando-1-600x477.jpg","fusion-600-width":600,"fusion-600-height":477,"fusion-800":"https:\/\/www.visitsicily.info\/wp-content\/uploads\/2024\/05\/CULTURA_AGRIGENTO_San_Gerlando-1-800x636.jpg","fusion-800-width":800,"fusion-800-height":636,"fusion-1200":"https:\/\/www.visitsicily.info\/wp-content\/uploads\/2024\/05\/CULTURA_AGRIGENTO_San_Gerlando-1-1200x955.jpg","fusion-1200-width":1200,"fusion-1200-height":955,"portfolio-full":"https:\/\/www.visitsicily.info\/wp-content\/uploads\/2024\/05\/CULTURA_AGRIGENTO_San_Gerlando-1-940x400.jpg","portfolio-full-width":940,"portfolio-full-height":400,"portfolio-one":"https:\/\/www.visitsicily.info\/wp-content\/uploads\/2024\/05\/CULTURA_AGRIGENTO_San_Gerlando-1-540x272.jpg","portfolio-one-width":540,"portfolio-one-height":272,"portfolio-two":"https:\/\/www.visitsicily.info\/wp-content\/uploads\/2024\/05\/CULTURA_AGRIGENTO_San_Gerlando-1-460x295.jpg","portfolio-two-width":460,"portfolio-two-height":295,"portfolio-three":"https:\/\/www.visitsicily.info\/wp-content\/uploads\/2024\/05\/CULTURA_AGRIGENTO_San_Gerlando-1-300x214.jpg","portfolio-three-width":300,"portfolio-three-height":214,"portfolio-five":"https:\/\/www.visitsicily.info\/wp-content\/uploads\/2024\/05\/CULTURA_AGRIGENTO_San_Gerlando-1-177x142.jpg","portfolio-five-width":177,"portfolio-five-height":142}},{"ID":74559,"id":74559,"title":"Scala,Dei,Turchi,(italy),-,The,Very,Famous,White,Rocky","filename":"NATURA_AGRIGENTO_scala_dei_turchi_01.jpg","filesize":2326518,"url":"https:\/\/www.visitsicily.info\/wp-content\/uploads\/2024\/05\/NATURA_AGRIGENTO_scala_dei_turchi_01.jpg","link":"https:\/\/www.visitsicily.info\/es\/agrigento-capital-italiana-de-la-cultura-2025\/scaladeiturchiitaly-theveryfamouswhiterocky-2\/","alt":"Scala dei Turchi","author":"46","description":"Scala dei Turchi","caption":"ph. Just Maria ","name":"scaladeiturchiitaly-theveryfamouswhiterocky-2","status":"inherit","uploaded_to":84822,"date":"2024-05-28 15:16:32","modified":"2024-10-22 09:30:42","menu_order":0,"mime_type":"image\/jpeg","type":"image","subtype":"jpeg","icon":"https:\/\/www.visitsicily.info\/wp-includes\/images\/media\/default.png","width":1788,"height":1211,"sizes":{"thumbnail":"https:\/\/www.visitsicily.info\/wp-content\/uploads\/2024\/05\/NATURA_AGRIGENTO_scala_dei_turchi_01-150x150.jpg","thumbnail-width":150,"thumbnail-height":150,"medium":"https:\/\/www.visitsicily.info\/wp-content\/uploads\/2024\/05\/NATURA_AGRIGENTO_scala_dei_turchi_01-300x203.jpg","medium-width":300,"medium-height":203,"medium_large":"https:\/\/www.visitsicily.info\/wp-content\/uploads\/2024\/05\/NATURA_AGRIGENTO_scala_dei_turchi_01-768x520.jpg","medium_large-width":768,"medium_large-height":520,"large":"https:\/\/www.visitsicily.info\/wp-content\/uploads\/2024\/05\/NATURA_AGRIGENTO_scala_dei_turchi_01-1024x694.jpg","large-width":1024,"large-height":694,"1536x1536":"https:\/\/www.visitsicily.info\/wp-content\/uploads\/2024\/05\/NATURA_AGRIGENTO_scala_dei_turchi_01-1536x1040.jpg","1536x1536-width":1536,"1536x1536-height":1040,"2048x2048":"https:\/\/www.visitsicily.info\/wp-content\/uploads\/2024\/05\/NATURA_AGRIGENTO_scala_dei_turchi_01.jpg","2048x2048-width":1788,"2048x2048-height":1211,"blog-large":"https:\/\/www.visitsicily.info\/wp-content\/uploads\/2024\/05\/NATURA_AGRIGENTO_scala_dei_turchi_01-669x272.jpg","blog-large-width":669,"blog-large-height":272,"blog-medium":"https:\/\/www.visitsicily.info\/wp-content\/uploads\/2024\/05\/NATURA_AGRIGENTO_scala_dei_turchi_01-320x202.jpg","blog-medium-width":320,"blog-medium-height":202,"recent-posts":"https:\/\/www.visitsicily.info\/wp-content\/uploads\/2024\/05\/NATURA_AGRIGENTO_scala_dei_turchi_01-700x441.jpg","recent-posts-width":700,"recent-posts-height":441,"recent-works-thumbnail":"https:\/\/www.visitsicily.info\/wp-content\/uploads\/2024\/05\/NATURA_AGRIGENTO_scala_dei_turchi_01-66x66.jpg","recent-works-thumbnail-width":66,"recent-works-thumbnail-height":66,"fusion-200":"https:\/\/www.visitsicily.info\/wp-content\/uploads\/2024\/05\/NATURA_AGRIGENTO_scala_dei_turchi_01-200x135.jpg","fusion-200-width":200,"fusion-200-height":135,"fusion-400":"https:\/\/www.visitsicily.info\/wp-content\/uploads\/2024\/05\/NATURA_AGRIGENTO_scala_dei_turchi_01-400x271.jpg","fusion-400-width":400,"fusion-400-height":271,"fusion-600":"https:\/\/www.visitsicily.info\/wp-content\/uploads\/2024\/05\/NATURA_AGRIGENTO_scala_dei_turchi_01-600x406.jpg","fusion-600-width":600,"fusion-600-height":406,"fusion-800":"https:\/\/www.visitsicily.info\/wp-content\/uploads\/2024\/05\/NATURA_AGRIGENTO_scala_dei_turchi_01-800x542.jpg","fusion-800-width":800,"fusion-800-height":542,"fusion-1200":"https:\/\/www.visitsicily.info\/wp-content\/uploads\/2024\/05\/NATURA_AGRIGENTO_scala_dei_turchi_01-1200x813.jpg","fusion-1200-width":1200,"fusion-1200-height":813,"portfolio-full":"https:\/\/www.visitsicily.info\/wp-content\/uploads\/2024\/05\/NATURA_AGRIGENTO_scala_dei_turchi_01-940x400.jpg","portfolio-full-width":940,"portfolio-full-height":400,"portfolio-one":"https:\/\/www.visitsicily.info\/wp-content\/uploads\/2024\/05\/NATURA_AGRIGENTO_scala_dei_turchi_01-540x272.jpg","portfolio-one-width":540,"portfolio-one-height":272,"portfolio-two":"https:\/\/www.visitsicily.info\/wp-content\/uploads\/2024\/05\/NATURA_AGRIGENTO_scala_dei_turchi_01-460x295.jpg","portfolio-two-width":460,"portfolio-two-height":295,"portfolio-three":"https:\/\/www.visitsicily.info\/wp-content\/uploads\/2024\/05\/NATURA_AGRIGENTO_scala_dei_turchi_01-300x214.jpg","portfolio-three-width":300,"portfolio-three-height":214,"portfolio-five":"https:\/\/www.visitsicily.info\/wp-content\/uploads\/2024\/05\/NATURA_AGRIGENTO_scala_dei_turchi_01-177x142.jpg","portfolio-five-width":177,"portfolio-five-height":142}}],"localizzazione":"<div class=\"leaflet-map\" data-height=\"400\" data-map=\"leaflet\" data-map-lng=\"13.5845947\" data-map-lat=\"37.3090141\" data-map-zoom=\"7\" data-map-layers=\"[&quot;CartoDB.Voyager&quot;]\" data-map-markers=\"[{&quot;label&quot;:&quot;92100 Agrigento, Sicilia Italia&quot;,&quot;default_label&quot;:&quot;92100 Agrigento, Sicilia Italia&quot;,&quot;lat&quot;:37.312299099999997,&quot;lng&quot;:13.57465,&quot;geocode&quot;:[],&quot;uuid&quot;:&quot;marker_6655f9a862f05&quot;}]\"><\/div>\n"},"yoast_head":"<!-- This site is optimized with the Yoast SEO plugin v27.2 - https:\/\/yoast.com\/product\/yoast-seo-wordpress\/ -->\n<title>Agrigento, Capital Italiana de la Cultura 2025 - Visit Sicily<\/title>\n<meta name=\"description\" content=\"Es un gran orgullo la consagraci\u00f3n de Agrigento como \u00abCapital Italiana de la Cultura 2025\u00bb. Un lugar donde se respira historia, donde la antig\u00fcedad y la contemporaneidad coexisten en una dimensi\u00f3n armoniosa.\" \/>\n<meta name=\"robots\" content=\"index, follow, max-snippet:-1, max-image-preview:large, max-video-preview:-1\" \/>\n<link rel=\"canonical\" href=\"https:\/\/www.visitsicily.info\/es\/agrigento-capital-italiana-de-la-cultura-2025\/\" \/>\n<meta property=\"og:locale\" content=\"es_ES\" \/>\n<meta property=\"og:type\" content=\"article\" \/>\n<meta property=\"og:title\" content=\"Agrigento, Capital Italiana de la Cultura 2025 - Visit Sicily\" \/>\n<meta property=\"og:description\" content=\"Es un gran orgullo la consagraci\u00f3n de Agrigento como \u00abCapital Italiana de la Cultura 2025\u00bb. Un lugar donde se respira historia, donde la antig\u00fcedad y la contemporaneidad coexisten en una dimensi\u00f3n armoniosa.\" \/>\n<meta property=\"og:url\" content=\"https:\/\/www.visitsicily.info\/es\/agrigento-capital-italiana-de-la-cultura-2025\/\" \/>\n<meta property=\"og:site_name\" content=\"Visit Sicily\" \/>\n<meta property=\"article:publisher\" content=\"https:\/\/www.facebook.com\/visitsicily.info\/\" \/>\n<meta property=\"article:published_time\" content=\"2024-10-22T09:41:38+00:00\" \/>\n<meta property=\"article:modified_time\" content=\"2025-10-23T10:05:53+00:00\" \/>\n<meta property=\"og:image\" content=\"https:\/\/www.visitsicily.info\/wp-content\/uploads\/2024\/05\/NATURA_AGRIGENTO_Valle_dei_templi-23-e1717777676411.jpg\" \/>\n\t<meta property=\"og:image:width\" content=\"1800\" \/>\n\t<meta property=\"og:image:height\" content=\"1200\" \/>\n\t<meta property=\"og:image:type\" content=\"image\/jpeg\" \/>\n<meta name=\"author\" content=\"Marco Spadafora\" \/>\n<meta name=\"twitter:card\" content=\"summary_large_image\" \/>\n<meta name=\"twitter:creator\" content=\"@VisitSicilyOP\" \/>\n<meta name=\"twitter:site\" content=\"@VisitSicilyOP\" \/>\n<meta name=\"twitter:label1\" content=\"Escrito por\" \/>\n\t<meta name=\"twitter:data1\" content=\"Marco Spadafora\" \/>\n\t<meta name=\"twitter:label2\" content=\"Tiempo de lectura\" \/>\n\t<meta name=\"twitter:data2\" content=\"4 minutos\" \/>\n<script type=\"application\/ld+json\" class=\"yoast-schema-graph\">{\"@context\":\"https:\/\/schema.org\",\"@graph\":[{\"@type\":\"Article\",\"@id\":\"https:\/\/www.visitsicily.info\/es\/agrigento-capital-italiana-de-la-cultura-2025\/#article\",\"isPartOf\":{\"@id\":\"https:\/\/www.visitsicily.info\/es\/agrigento-capital-italiana-de-la-cultura-2025\/\"},\"author\":{\"name\":\"Marco Spadafora\",\"@id\":\"https:\/\/www.visitsicily.info\/es\/#\/schema\/person\/0097119188702da46ee7fd6dc3603f69\"},\"headline\":\"Agrigento, Capital Italiana de la Cultura 2025\",\"datePublished\":\"2024-10-22T09:41:38+00:00\",\"dateModified\":\"2025-10-23T10:05:53+00:00\",\"mainEntityOfPage\":{\"@id\":\"https:\/\/www.visitsicily.info\/es\/agrigento-capital-italiana-de-la-cultura-2025\/\"},\"wordCount\":1716,\"publisher\":{\"@id\":\"https:\/\/www.visitsicily.info\/es\/#organization\"},\"image\":{\"@id\":\"https:\/\/www.visitsicily.info\/es\/agrigento-capital-italiana-de-la-cultura-2025\/#primaryimage\"},\"thumbnailUrl\":\"https:\/\/www.visitsicily.info\/wp-content\/uploads\/2024\/05\/NATURA_AGRIGENTO_Valle_dei_templi-23-e1717777676411.jpg\",\"articleSection\":[\"Arte en Sicilia\",\"Arte y Cultura\",\"Lugares de cultura\",\"Sicilia arqueol\u00f3gica\"],\"inLanguage\":\"es\"},{\"@type\":\"WebPage\",\"@id\":\"https:\/\/www.visitsicily.info\/es\/agrigento-capital-italiana-de-la-cultura-2025\/\",\"url\":\"https:\/\/www.visitsicily.info\/es\/agrigento-capital-italiana-de-la-cultura-2025\/\",\"name\":\"Agrigento, Capital Italiana de la Cultura 2025 - Visit Sicily\",\"isPartOf\":{\"@id\":\"https:\/\/www.visitsicily.info\/es\/#website\"},\"primaryImageOfPage\":{\"@id\":\"https:\/\/www.visitsicily.info\/es\/agrigento-capital-italiana-de-la-cultura-2025\/#primaryimage\"},\"image\":{\"@id\":\"https:\/\/www.visitsicily.info\/es\/agrigento-capital-italiana-de-la-cultura-2025\/#primaryimage\"},\"thumbnailUrl\":\"https:\/\/www.visitsicily.info\/wp-content\/uploads\/2024\/05\/NATURA_AGRIGENTO_Valle_dei_templi-23-e1717777676411.jpg\",\"datePublished\":\"2024-10-22T09:41:38+00:00\",\"dateModified\":\"2025-10-23T10:05:53+00:00\",\"description\":\"Es un gran orgullo la consagraci\u00f3n de Agrigento como \u00abCapital Italiana de la Cultura 2025\u00bb. Un lugar donde se respira historia, donde la antig\u00fcedad y la contemporaneidad coexisten en una dimensi\u00f3n armoniosa.\",\"breadcrumb\":{\"@id\":\"https:\/\/www.visitsicily.info\/es\/agrigento-capital-italiana-de-la-cultura-2025\/#breadcrumb\"},\"inLanguage\":\"es\",\"potentialAction\":[{\"@type\":\"ReadAction\",\"target\":[\"https:\/\/www.visitsicily.info\/es\/agrigento-capital-italiana-de-la-cultura-2025\/\"]}]},{\"@type\":\"ImageObject\",\"inLanguage\":\"es\",\"@id\":\"https:\/\/www.visitsicily.info\/es\/agrigento-capital-italiana-de-la-cultura-2025\/#primaryimage\",\"url\":\"https:\/\/www.visitsicily.info\/wp-content\/uploads\/2024\/05\/NATURA_AGRIGENTO_Valle_dei_templi-23-e1717777676411.jpg\",\"contentUrl\":\"https:\/\/www.visitsicily.info\/wp-content\/uploads\/2024\/05\/NATURA_AGRIGENTO_Valle_dei_templi-23-e1717777676411.jpg\",\"width\":1800,\"height\":1200,\"caption\":\"ph. Just Maria\"},{\"@type\":\"BreadcrumbList\",\"@id\":\"https:\/\/www.visitsicily.info\/es\/agrigento-capital-italiana-de-la-cultura-2025\/#breadcrumb\",\"itemListElement\":[{\"@type\":\"ListItem\",\"position\":1,\"name\":\"Home\",\"item\":\"https:\/\/www.visitsicily.info\/es\/\"},{\"@type\":\"ListItem\",\"position\":2,\"name\":\"Agrigento, Capital Italiana de la Cultura 2025\"}]},{\"@type\":\"WebSite\",\"@id\":\"https:\/\/www.visitsicily.info\/es\/#website\",\"url\":\"https:\/\/www.visitsicily.info\/es\/\",\"name\":\"Visit Sicily\",\"description\":\"Island of art\",\"publisher\":{\"@id\":\"https:\/\/www.visitsicily.info\/es\/#organization\"},\"potentialAction\":[{\"@type\":\"SearchAction\",\"target\":{\"@type\":\"EntryPoint\",\"urlTemplate\":\"https:\/\/www.visitsicily.info\/es\/?s={search_term_string}\"},\"query-input\":{\"@type\":\"PropertyValueSpecification\",\"valueRequired\":true,\"valueName\":\"search_term_string\"}}],\"inLanguage\":\"es\"},{\"@type\":\"Organization\",\"@id\":\"https:\/\/www.visitsicily.info\/es\/#organization\",\"name\":\"Regione Siciliana\",\"url\":\"https:\/\/www.visitsicily.info\/es\/\",\"logo\":{\"@type\":\"ImageObject\",\"inLanguage\":\"es\",\"@id\":\"https:\/\/www.visitsicily.info\/es\/#\/schema\/logo\/image\/\",\"url\":\"https:\/\/www.visitsicily.info\/wp-content\/uploads\/2021\/05\/regione-siciliana-logo2.png\",\"contentUrl\":\"https:\/\/www.visitsicily.info\/wp-content\/uploads\/2021\/05\/regione-siciliana-logo2.png\",\"width\":200,\"height\":200,\"caption\":\"Regione Siciliana\"},\"image\":{\"@id\":\"https:\/\/www.visitsicily.info\/es\/#\/schema\/logo\/image\/\"},\"sameAs\":[\"https:\/\/www.facebook.com\/visitsicily.info\/\",\"https:\/\/x.com\/VisitSicilyOP\",\"https:\/\/www.instagram.com\/ig_visitsicily\/\",\"https:\/\/www.pinterest.com\/visitsicilyOP\/followers\/\",\"https:\/\/www.youtube.com\/user\/siciliaturismo\"]},{\"@type\":\"Person\",\"@id\":\"https:\/\/www.visitsicily.info\/es\/#\/schema\/person\/0097119188702da46ee7fd6dc3603f69\",\"name\":\"Marco Spadafora\",\"image\":{\"@type\":\"ImageObject\",\"inLanguage\":\"es\",\"@id\":\"https:\/\/secure.gravatar.com\/avatar\/fc24cce6162f2b2c8f2e30264f6728cb23d851db9146f1ba49e5f8f6c36ce882?s=96&d=mm&r=g\",\"url\":\"https:\/\/secure.gravatar.com\/avatar\/fc24cce6162f2b2c8f2e30264f6728cb23d851db9146f1ba49e5f8f6c36ce882?s=96&d=mm&r=g\",\"contentUrl\":\"https:\/\/secure.gravatar.com\/avatar\/fc24cce6162f2b2c8f2e30264f6728cb23d851db9146f1ba49e5f8f6c36ce882?s=96&d=mm&r=g\",\"caption\":\"Marco Spadafora\"},\"url\":\"#\"}]}<\/script>\n<!-- \/ Yoast SEO plugin. -->","yoast_head_json":{"title":"Agrigento, Capital Italiana de la Cultura 2025 - Visit Sicily","description":"Es un gran orgullo la consagraci\u00f3n de Agrigento como \u00abCapital Italiana de la Cultura 2025\u00bb. Un lugar donde se respira historia, donde la antig\u00fcedad y la contemporaneidad coexisten en una dimensi\u00f3n armoniosa.","robots":{"index":"index","follow":"follow","max-snippet":"max-snippet:-1","max-image-preview":"max-image-preview:large","max-video-preview":"max-video-preview:-1"},"canonical":"https:\/\/www.visitsicily.info\/es\/agrigento-capital-italiana-de-la-cultura-2025\/","og_locale":"es_ES","og_type":"article","og_title":"Agrigento, Capital Italiana de la Cultura 2025 - Visit Sicily","og_description":"Es un gran orgullo la consagraci\u00f3n de Agrigento como \u00abCapital Italiana de la Cultura 2025\u00bb. Un lugar donde se respira historia, donde la antig\u00fcedad y la contemporaneidad coexisten en una dimensi\u00f3n armoniosa.","og_url":"https:\/\/www.visitsicily.info\/es\/agrigento-capital-italiana-de-la-cultura-2025\/","og_site_name":"Visit Sicily","article_publisher":"https:\/\/www.facebook.com\/visitsicily.info\/","article_published_time":"2024-10-22T09:41:38+00:00","article_modified_time":"2025-10-23T10:05:53+00:00","og_image":[{"width":1800,"height":1200,"url":"https:\/\/www.visitsicily.info\/wp-content\/uploads\/2024\/05\/NATURA_AGRIGENTO_Valle_dei_templi-23-e1717777676411.jpg","type":"image\/jpeg"}],"author":"Marco Spadafora","twitter_card":"summary_large_image","twitter_creator":"@VisitSicilyOP","twitter_site":"@VisitSicilyOP","twitter_misc":{"Escrito por":"Marco Spadafora","Tiempo de lectura":"4 minutos"},"schema":{"@context":"https:\/\/schema.org","@graph":[{"@type":"Article","@id":"https:\/\/www.visitsicily.info\/es\/agrigento-capital-italiana-de-la-cultura-2025\/#article","isPartOf":{"@id":"https:\/\/www.visitsicily.info\/es\/agrigento-capital-italiana-de-la-cultura-2025\/"},"author":{"name":"Marco Spadafora","@id":"https:\/\/www.visitsicily.info\/es\/#\/schema\/person\/0097119188702da46ee7fd6dc3603f69"},"headline":"Agrigento, Capital Italiana de la Cultura 2025","datePublished":"2024-10-22T09:41:38+00:00","dateModified":"2025-10-23T10:05:53+00:00","mainEntityOfPage":{"@id":"https:\/\/www.visitsicily.info\/es\/agrigento-capital-italiana-de-la-cultura-2025\/"},"wordCount":1716,"publisher":{"@id":"https:\/\/www.visitsicily.info\/es\/#organization"},"image":{"@id":"https:\/\/www.visitsicily.info\/es\/agrigento-capital-italiana-de-la-cultura-2025\/#primaryimage"},"thumbnailUrl":"https:\/\/www.visitsicily.info\/wp-content\/uploads\/2024\/05\/NATURA_AGRIGENTO_Valle_dei_templi-23-e1717777676411.jpg","articleSection":["Arte en Sicilia","Arte y Cultura","Lugares de cultura","Sicilia arqueol\u00f3gica"],"inLanguage":"es"},{"@type":"WebPage","@id":"https:\/\/www.visitsicily.info\/es\/agrigento-capital-italiana-de-la-cultura-2025\/","url":"https:\/\/www.visitsicily.info\/es\/agrigento-capital-italiana-de-la-cultura-2025\/","name":"Agrigento, Capital Italiana de la Cultura 2025 - Visit Sicily","isPartOf":{"@id":"https:\/\/www.visitsicily.info\/es\/#website"},"primaryImageOfPage":{"@id":"https:\/\/www.visitsicily.info\/es\/agrigento-capital-italiana-de-la-cultura-2025\/#primaryimage"},"image":{"@id":"https:\/\/www.visitsicily.info\/es\/agrigento-capital-italiana-de-la-cultura-2025\/#primaryimage"},"thumbnailUrl":"https:\/\/www.visitsicily.info\/wp-content\/uploads\/2024\/05\/NATURA_AGRIGENTO_Valle_dei_templi-23-e1717777676411.jpg","datePublished":"2024-10-22T09:41:38+00:00","dateModified":"2025-10-23T10:05:53+00:00","description":"Es un gran orgullo la consagraci\u00f3n de Agrigento como \u00abCapital Italiana de la Cultura 2025\u00bb. Un lugar donde se respira historia, donde la antig\u00fcedad y la contemporaneidad coexisten en una dimensi\u00f3n armoniosa.","breadcrumb":{"@id":"https:\/\/www.visitsicily.info\/es\/agrigento-capital-italiana-de-la-cultura-2025\/#breadcrumb"},"inLanguage":"es","potentialAction":[{"@type":"ReadAction","target":["https:\/\/www.visitsicily.info\/es\/agrigento-capital-italiana-de-la-cultura-2025\/"]}]},{"@type":"ImageObject","inLanguage":"es","@id":"https:\/\/www.visitsicily.info\/es\/agrigento-capital-italiana-de-la-cultura-2025\/#primaryimage","url":"https:\/\/www.visitsicily.info\/wp-content\/uploads\/2024\/05\/NATURA_AGRIGENTO_Valle_dei_templi-23-e1717777676411.jpg","contentUrl":"https:\/\/www.visitsicily.info\/wp-content\/uploads\/2024\/05\/NATURA_AGRIGENTO_Valle_dei_templi-23-e1717777676411.jpg","width":1800,"height":1200,"caption":"ph. Just Maria"},{"@type":"BreadcrumbList","@id":"https:\/\/www.visitsicily.info\/es\/agrigento-capital-italiana-de-la-cultura-2025\/#breadcrumb","itemListElement":[{"@type":"ListItem","position":1,"name":"Home","item":"https:\/\/www.visitsicily.info\/es\/"},{"@type":"ListItem","position":2,"name":"Agrigento, Capital Italiana de la Cultura 2025"}]},{"@type":"WebSite","@id":"https:\/\/www.visitsicily.info\/es\/#website","url":"https:\/\/www.visitsicily.info\/es\/","name":"Visit Sicily","description":"Island of art","publisher":{"@id":"https:\/\/www.visitsicily.info\/es\/#organization"},"potentialAction":[{"@type":"SearchAction","target":{"@type":"EntryPoint","urlTemplate":"https:\/\/www.visitsicily.info\/es\/?s={search_term_string}"},"query-input":{"@type":"PropertyValueSpecification","valueRequired":true,"valueName":"search_term_string"}}],"inLanguage":"es"},{"@type":"Organization","@id":"https:\/\/www.visitsicily.info\/es\/#organization","name":"Regione Siciliana","url":"https:\/\/www.visitsicily.info\/es\/","logo":{"@type":"ImageObject","inLanguage":"es","@id":"https:\/\/www.visitsicily.info\/es\/#\/schema\/logo\/image\/","url":"https:\/\/www.visitsicily.info\/wp-content\/uploads\/2021\/05\/regione-siciliana-logo2.png","contentUrl":"https:\/\/www.visitsicily.info\/wp-content\/uploads\/2021\/05\/regione-siciliana-logo2.png","width":200,"height":200,"caption":"Regione Siciliana"},"image":{"@id":"https:\/\/www.visitsicily.info\/es\/#\/schema\/logo\/image\/"},"sameAs":["https:\/\/www.facebook.com\/visitsicily.info\/","https:\/\/x.com\/VisitSicilyOP","https:\/\/www.instagram.com\/ig_visitsicily\/","https:\/\/www.pinterest.com\/visitsicilyOP\/followers\/","https:\/\/www.youtube.com\/user\/siciliaturismo"]},{"@type":"Person","@id":"https:\/\/www.visitsicily.info\/es\/#\/schema\/person\/0097119188702da46ee7fd6dc3603f69","name":"Marco Spadafora","image":{"@type":"ImageObject","inLanguage":"es","@id":"https:\/\/secure.gravatar.com\/avatar\/fc24cce6162f2b2c8f2e30264f6728cb23d851db9146f1ba49e5f8f6c36ce882?s=96&d=mm&r=g","url":"https:\/\/secure.gravatar.com\/avatar\/fc24cce6162f2b2c8f2e30264f6728cb23d851db9146f1ba49e5f8f6c36ce882?s=96&d=mm&r=g","contentUrl":"https:\/\/secure.gravatar.com\/avatar\/fc24cce6162f2b2c8f2e30264f6728cb23d851db9146f1ba49e5f8f6c36ce882?s=96&d=mm&r=g","caption":"Marco Spadafora"},"url":"#"}]}},"_links":{"self":[{"href":"https:\/\/www.visitsicily.info\/es\/wp-json\/wp\/v2\/posts\/84822","targetHints":{"allow":["GET"]}}],"collection":[{"href":"https:\/\/www.visitsicily.info\/es\/wp-json\/wp\/v2\/posts"}],"about":[{"href":"https:\/\/www.visitsicily.info\/es\/wp-json\/wp\/v2\/types\/post"}],"author":[{"embeddable":true,"href":"https:\/\/www.visitsicily.info\/es\/wp-json\/wp\/v2\/users\/46"}],"replies":[{"embeddable":true,"href":"https:\/\/www.visitsicily.info\/es\/wp-json\/wp\/v2\/comments?post=84822"}],"version-history":[{"count":2,"href":"https:\/\/www.visitsicily.info\/es\/wp-json\/wp\/v2\/posts\/84822\/revisions"}],"predecessor-version":[{"id":100235,"href":"https:\/\/www.visitsicily.info\/es\/wp-json\/wp\/v2\/posts\/84822\/revisions\/100235"}],"wp:featuredmedia":[{"embeddable":true,"href":"https:\/\/www.visitsicily.info\/es\/wp-json\/wp\/v2\/media\/74565"}],"wp:attachment":[{"href":"https:\/\/www.visitsicily.info\/es\/wp-json\/wp\/v2\/media?parent=84822"}],"wp:term":[{"taxonomy":"category","embeddable":true,"href":"https:\/\/www.visitsicily.info\/es\/wp-json\/wp\/v2\/categories?post=84822"},{"taxonomy":"post_tag","embeddable":true,"href":"https:\/\/www.visitsicily.info\/es\/wp-json\/wp\/v2\/tags?post=84822"},{"taxonomy":"luogo","embeddable":true,"href":"https:\/\/www.visitsicily.info\/es\/wp-json\/wp\/v2\/luogo?post=84822"},{"taxonomy":"stagione","embeddable":true,"href":"https:\/\/www.visitsicily.info\/es\/wp-json\/wp\/v2\/stagione?post=84822"}],"curies":[{"name":"wp","href":"https:\/\/api.w.org\/{rel}","templated":true}]}}